{"id":8834,"date":"2022-05-10T09:21:26","date_gmt":"2022-05-10T07:21:26","guid":{"rendered":"https:\/\/www.dieparfumbar.ch\/?p=8834"},"modified":"2022-05-10T09:28:35","modified_gmt":"2022-05-10T07:28:35","slug":"1000-duefte-im-museum-aargau","status":"publish","type":"post","link":"https:\/\/www.dieparfumbar.ch\/wp\/1000-duefte-im-museum-aargau\/","title":{"rendered":"1000 D\u00fcfte im Museum Aargau"},"content":{"rendered":"<h4>Erlebe Geschichte mit allen Sinnen auf 7 Schl\u00f6ssern im Aargau<\/h4>\n<p>zB. Schloss Hallwyl: <span style=\"color: #0000ff;\"><a style=\"color: #0000ff;\" href=\"https:\/\/www.museumaargau.ch\/schloss-hallwyl\/event\/1410\" target=\"_blank\" rel=\"noopener\">Bl\u00fctenduft und Pulverdampf<\/a><\/span>: Vier Leben, vier D\u00fcfte (bis 31.10.2022)<\/p>\n<p>zB. Schloss Wildegg:<span style=\"color: #0000ff;\"> <a style=\"color: #0000ff;\" href=\"https:\/\/www.museumaargau.ch\/schloss-wildegg\/duftinszenierung\" target=\"_blank\" rel=\"noopener\">Poesie &amp; Sprache: Duftbibliothek<\/a><\/span> (31.Mai-6.Juni 2022)<\/p>\n<p>Kreiere unter fachlicher Anleitung von Parfumeurin Bibi Bigler <span style=\"color: #0000ff;\"><a style=\"color: #0000ff;\" href=\"https:\/\/www.museumaargau.ch\/schloss-wildegg\/event\/1374\" target=\"_blank\" rel=\"noopener\">Dein eigenes Parfum<\/a><\/span>. Im Workshop riechst du, w\u00e4hlst, mischst und erschaffst einen einzigartigen Duft.\u00a0 Bibi Bigler ist freischaffende Parfumeurin und Inhaberin von &#8220;Die Parfum Bar&#8221; in Aathal-Seegr\u00e4ben ZH. Sie hat die Parfumschule von Givaudan-Roure in Grasse (F) besucht und sch\u00e4tzt den Austausch in Workshops, um gemeinsam die Geschichte des Parfums weiterzuerz\u00e4hlen.<\/p>\n<h5>Gut zu wissen<\/h5>\n<ul>\n<li>Preis: CHF 150.-, inklusive Kursunterlagen und 30ml Parf\u00fcm im Zerst\u00e4uberspray (zzgl.\u00a0<a href=\"https:\/\/www.museumaargau.ch\/schloss-wildegg\/oeffnungszeiten-und-eintrittspreise#c351\">Museumseintritt<\/a>)<\/li>\n<li>Online-Reservation wegen begrenzter Pl\u00e4tze erforderlich.<\/li>\n<li>Erlebe vor dem Workshop die <a href=\"https:\/\/www.museumaargau.ch\/schloss-wildegg\/event\/1372\">Duftinszenierung &#8220;Sprache &amp; Poesie&#8221;<\/a>(31. Mai bis 6. Juni 2022) in der Bibliothek und weiteren R\u00e4umen von Schloss Wildegg.<br \/>\n<strong>Termine: 2. Und 4. Juni 22<br \/>\n<\/strong><\/li>\n<\/ul>\n<p><img decoding=\"async\" class=\"alignleft size-full wp-image-8848\" src=\"https:\/\/www.dieparfumbar.ch\/wp\/wp-content\/uploads\/2022\/05\/IMG_3028.jpeg\" alt=\"\" width=\"480\" height=\"640\" srcset=\"https:\/\/www.dieparfumbar.ch\/wp\/wp-content\/uploads\/2022\/05\/IMG_3028.jpeg 480w, https:\/\/www.dieparfumbar.ch\/wp\/wp-content\/uploads\/2022\/05\/IMG_3028-225x300.jpeg 225w, https:\/\/www.dieparfumbar.ch\/wp\/wp-content\/uploads\/2022\/05\/IMG_3028-405x540.jpeg 405w, https:\/\/www.dieparfumbar.ch\/wp\/wp-content\/uploads\/2022\/05\/IMG_3028-425x567.jpeg 425w, https:\/\/www.dieparfumbar.ch\/wp\/wp-content\/uploads\/2022\/05\/IMG_3028-100x133.jpeg 100w\" sizes=\"(max-width: 480px) 100vw, 480px\" \/><\/p>\n<p>&nbsp;<\/p>\n<p><img decoding=\"async\" class=\"alignleft size-full wp-image-8845\" src=\"https:\/\/www.dieparfumbar.ch\/wp\/wp-content\/uploads\/2022\/05\/IMG_3044.jpeg\" alt=\"\" width=\"480\" height=\"640\" srcset=\"https:\/\/www.dieparfumbar.ch\/wp\/wp-content\/uploads\/2022\/05\/IMG_3044.jpeg 480w, https:\/\/www.dieparfumbar.ch\/wp\/wp-content\/uploads\/2022\/05\/IMG_3044-225x300.jpeg 225w, https:\/\/www.dieparfumbar.ch\/wp\/wp-content\/uploads\/2022\/05\/IMG_3044-405x540.jpeg 405w, https:\/\/www.dieparfumbar.ch\/wp\/wp-content\/uploads\/2022\/05\/IMG_3044-425x567.jpeg 425w, https:\/\/www.dieparfumbar.ch\/wp\/wp-content\/uploads\/2022\/05\/IMG_3044-100x133.jpeg 100w\" sizes=\"(max-width: 480px) 100vw, 480px\" \/><img decoding=\"async\" class=\"alignleft size-full wp-image-8841\" src=\"https:\/\/www.dieparfumbar.ch\/wp\/wp-content\/uploads\/2022\/05\/IMG_3068.jpeg\" alt=\"\" width=\"480\" height=\"640\" srcset=\"https:\/\/www.dieparfumbar.ch\/wp\/wp-content\/uploads\/2022\/05\/IMG_3068.jpeg 480w, https:\/\/www.dieparfumbar.ch\/wp\/wp-content\/uploads\/2022\/05\/IMG_3068-225x300.jpeg 225w, https:\/\/www.dieparfumbar.ch\/wp\/wp-content\/uploads\/2022\/05\/IMG_3068-405x540.jpeg 405w, https:\/\/www.dieparfumbar.ch\/wp\/wp-content\/uploads\/2022\/05\/IMG_3068-425x567.jpeg 425w, https:\/\/www.dieparfumbar.ch\/wp\/wp-content\/uploads\/2022\/05\/IMG_3068-100x133.jpeg 100w\" sizes=\"(max-width: 480px) 100vw, 480px\" \/><img decoding=\"async\" class=\"alignleft size-full wp-image-8840\" src=\"https:\/\/www.dieparfumbar.ch\/wp\/wp-content\/uploads\/2022\/05\/IMG_3069.jpeg\" alt=\"\" width=\"480\" height=\"640\" srcset=\"https:\/\/www.dieparfumbar.ch\/wp\/wp-content\/uploads\/2022\/05\/IMG_3069.jpeg 480w, https:\/\/www.dieparfumbar.ch\/wp\/wp-content\/uploads\/2022\/05\/IMG_3069-225x300.jpeg 225w, https:\/\/www.dieparfumbar.ch\/wp\/wp-content\/uploads\/2022\/05\/IMG_3069-405x540.jpeg 405w, https:\/\/www.dieparfumbar.ch\/wp\/wp-content\/uploads\/2022\/05\/IMG_3069-425x567.jpeg 425w, https:\/\/www.dieparfumbar.ch\/wp\/wp-content\/uploads\/2022\/05\/IMG_3069-100x133.jpeg 100w\" sizes=\"(max-width: 480px) 100vw, 480px\" \/><\/p>\n","protected":false},"excerpt":{"rendered":"<p>Erlebe Geschichte mit allen Sinnen auf 7 Schl\u00f6ssern im Aargau zB. Schloss Hallwyl: Bl\u00fctenduft und Pulverdampf: Vier Leben, vier D\u00fcfte (bis 31.10.2022) zB. Schloss Wildegg: Poesie &amp; Sprache: Duftbibliothek (31.Mai-6.Juni &#8230; <a title=\"1000 D\u00fcfte im Museum Aargau\" class=\"read-more\" href=\"https:\/\/www.dieparfumbar.ch\/wp\/1000-duefte-im-museum-aargau\/\" aria-label=\"Mehr Informationen \u00fcber 1000 D\u00fcfte im Museum Aargau\">Weiterlesen<\/a><\/p>\n","protected":false},"author":2,"featured_media":8842,"comment_status":"closed","ping_status":"open","sticky":false,"template":"","format":"standard","meta":{"_exactmetrics_skip_tracking":false,"_exactmetrics_sitenote_active":false,"_exactmetrics_sitenote_note":"","_exactmetrics_sitenote_category":0,"generate_page_header":"","_price":"","_stock":"","_tribe_ticket_header":"","_tribe_default_ticket_provider":"","_ticket_start_date":"","_ticket_end_date":"","_tribe_ticket_show_description":"","_tribe_ticket_show_not_going":false,"_tribe_ticket_use_global_stock":"","_tribe_ticket_global_stock_level":"","_global_stock_mode":"","_global_stock_cap":"","_tribe_rsvp_for_event":"","_tribe_ticket_going_count":"","_tribe_ticket_not_going_count":"","_tribe_tickets_list":"[]","_tribe_ticket_has_attendee_info_fields":false,"footnotes":""},"categories":[1],"tags":[],"class_list":["post-8834","post","type-post","status-publish","format-standard","has-post-thumbnail","hentry","category-allgemein"],"aioseo_notices":[],"_links":{"self":[{"href":"https:\/\/www.dieparfumbar.ch\/wp\/wp-json\/wp\/v2\/posts\/8834","targetHints":{"allow":["GET"]}}],"collection":[{"href":"https:\/\/www.dieparfumbar.ch\/wp\/wp-json\/wp\/v2\/posts"}],"about":[{"href":"https:\/\/www.dieparfumbar.ch\/wp\/wp-json\/wp\/v2\/types\/post"}],"author":[{"embeddable":true,"href":"https:\/\/www.dieparfumbar.ch\/wp\/wp-json\/wp\/v2\/users\/2"}],"replies":[{"embeddable":true,"href":"https:\/\/www.dieparfumbar.ch\/wp\/wp-json\/wp\/v2\/comments?post=8834"}],"version-history":[{"count":6,"href":"https:\/\/www.dieparfumbar.ch\/wp\/wp-json\/wp\/v2\/posts\/8834\/revisions"}],"predecessor-version":[{"id":8856,"href":"https:\/\/www.dieparfumbar.ch\/wp\/wp-json\/wp\/v2\/posts\/8834\/revisions\/8856"}],"wp:featuredmedia":[{"embeddable":true,"href":"https:\/\/www.dieparfumbar.ch\/wp\/wp-json\/wp\/v2\/media\/8842"}],"wp:attachment":[{"href":"https:\/\/www.dieparfumbar.ch\/wp\/wp-json\/wp\/v2\/media?parent=8834"}],"wp:term":[{"taxonomy":"category","embeddable":true,"href":"https:\/\/www.dieparfumbar.ch\/wp\/wp-json\/wp\/v2\/categories?post=8834"},{"taxonomy":"post_tag","embeddable":true,"href":"https:\/\/www.dieparfumbar.ch\/wp\/wp-json\/wp\/v2\/tags?post=8834"}],"curies":[{"name":"wp","href":"https:\/\/api.w.org\/{rel}","templated":true}]}}